{"id":13779,"date":"2022-03-07T09:15:39","date_gmt":"2022-03-07T09:15:39","guid":{"rendered":"https:\/\/smartcitydisplays.com\/?p=13779"},"modified":"2022-03-07T10:00:28","modified_gmt":"2022-03-07T10:00:28","slug":"dysten-na-konferencji-infrastruktura-polska-i-budownictwo","status":"publish","type":"post","link":"https:\/\/smartcitydisplays.com\/pl\/business-pl\/dysten-na-konferencji-infrastruktura-polska-i-budownictwo\/","title":{"rendered":"Dysten na\u00a0konferencji Infrastruktura Polska i Budownictwo"},"content":{"rendered":"\n<div class=\"wp-block-image\"><figure class=\"alignleft size-full is-resized\"><img loading=\"lazy\" decoding=\"async\" src=\"https:\/\/smartcitydisplays.com\/wp-content\/uploads\/2022\/03\/Grafika-Infrastruktura-Polska-i-Budownictwo-768x432-1.jpeg\" alt=\"\" class=\"wp-image-13777\" width=\"826\" height=\"465\" srcset=\"https:\/\/smartcitydisplays.com\/wp-content\/uploads\/2022\/03\/Grafika-Infrastruktura-Polska-i-Budownictwo-768x432-1.jpeg 768w, https:\/\/smartcitydisplays.com\/wp-content\/uploads\/2022\/03\/Grafika-Infrastruktura-Polska-i-Budownictwo-768x432-1-300x169.jpeg 300w, https:\/\/smartcitydisplays.com\/wp-content\/uploads\/2022\/03\/Grafika-Infrastruktura-Polska-i-Budownictwo-768x432-1-600x338.jpeg 600w\" sizes=\"auto, (max-width: 826px) 100vw, 826px\" \/><\/figure><\/div>\n\n\n\n<p>9 marca DYSTEN we\u017amie udzia\u0142 w konferencji po\u015bwi\u0119conej polskiej infrastrukturze i budownictwu. Tegoroczna edycja spotkania odb\u0119dzie si\u0119 w hotelu The Westin Warsaw i b\u0119dzie okazj\u0105 do poruszenia nast\u0119puj\u0105cych temat\u00f3w:<\/p>\n\n\n\n<ul class=\"wp-block-list\"><li>Finansowanie i rozw\u00f3j inwestycji drogowych<\/li><li>Nowe technologie w s\u0142u\u017cbie infrastruktury<\/li><li>Dynamika rozwoju transportu kolejowego<\/li><\/ul>\n\n\n\n<p>Podczas wydarzenia firma Dysten zaprezentuje urz\u0105dzenia, jakimi wspiera rozw\u00f3j infrastruktury kolejowej i transportu miejskiego. Serdecznie zapraszamy na stoisko firmy DYSTEN w foyer przed sal\u0105 konferencyjn\u0105. <\/p>\n\n\n\n<p><\/p>\n","protected":false},"excerpt":{"rendered":"<p>Spotkaj si\u0119 z nami 9 marca podczas konferencji INFRASTRUKTURA POLSKA I BUDOWNICTWO<\/p>\n","protected":false},"author":5,"featured_media":13777,"comment_status":"open","ping_status":"open","sticky":false,"template":"","format":"standard","meta":{"content-type":"","footnotes":""},"categories":[181],"tags":[],"class_list":["post-13779","post","type-post","status-publish","format-standard","has-post-thumbnail","hentry","category-business-pl"],"yoast_head":"<!-- This site is optimized with the Yoast SEO plugin v27.1.1 - https:\/\/yoast.com\/product\/yoast-seo-wordpress\/ -->\n<title>Dysten na\u00a0konferencji Infrastruktura Polska i Budownictwo - Smart City Displays<\/title>\n<meta name=\"description\" content=\"Odwied\u017a nas 9 marca podczas konferencji Infrastruktura i Budownictwo w Warszawie.\" \/>\n<meta name=\"robots\" content=\"index, follow, max-snippet:-1, max-image-preview:large, max-video-preview:-1\" \/>\n<link rel=\"canonical\" href=\"https:\/\/smartcitydisplays.com\/pl\/business-pl\/dysten-na-konferencji-infrastruktura-polska-i-budownictwo\/\" \/>\n<meta property=\"og:locale\" content=\"pl_PL\" \/>\n<meta property=\"og:type\" content=\"article\" \/>\n<meta property=\"og:title\" content=\"Dysten na\u00a0konferencji Infrastruktura Polska i Budownictwo - Smart City Displays\" \/>\n<meta property=\"og:description\" content=\"Odwied\u017a nas 9 marca podczas konferencji Infrastruktura i Budownictwo w Warszawie.\" \/>\n<meta property=\"og:url\" content=\"https:\/\/smartcitydisplays.com\/pl\/business-pl\/dysten-na-konferencji-infrastruktura-polska-i-budownictwo\/\" \/>\n<meta property=\"og:site_name\" content=\"Smart City Displays\" \/>\n<meta property=\"article:publisher\" content=\"https:\/\/www.facebook.com\/dystenpl\/\" \/>\n<meta property=\"article:published_time\" content=\"2022-03-07T09:15:39+00:00\" \/>\n<meta property=\"article:modified_time\" content=\"2022-03-07T10:00:28+00:00\" \/>\n<meta property=\"og:image\" content=\"https:\/\/smartcitydisplays.com\/wp-content\/uploads\/2022\/03\/Grafika-Infrastruktura-Polska-i-Budownictwo-768x432-1.jpeg\" \/>\n\t<meta property=\"og:image:width\" content=\"768\" \/>\n\t<meta property=\"og:image:height\" content=\"432\" \/>\n\t<meta property=\"og:image:type\" content=\"image\/jpeg\" \/>\n<meta name=\"author\" content=\"Dysten\" \/>\n<meta name=\"twitter:card\" content=\"summary_large_image\" \/>\n<meta name=\"twitter:creator\" content=\"@Dysten3\" \/>\n<meta name=\"twitter:site\" content=\"@Dysten3\" \/>\n<meta name=\"twitter:label1\" content=\"Napisane przez\" \/>\n\t<meta name=\"twitter:data1\" content=\"Dysten\" \/>\n\t<meta name=\"twitter:label2\" content=\"Szacowany czas czytania\" \/>\n\t<meta name=\"twitter:data2\" content=\"1 minuta\" \/>\n<script type=\"application\/ld+json\" class=\"yoast-schema-graph\">{\"@context\":\"https:\/\/schema.org\",\"@graph\":[{\"@type\":\"Article\",\"@id\":\"https:\/\/smartcitydisplays.com\/pl\/business-pl\/dysten-na-konferencji-infrastruktura-polska-i-budownictwo\/#article\",\"isPartOf\":{\"@id\":\"https:\/\/smartcitydisplays.com\/pl\/business-pl\/dysten-na-konferencji-infrastruktura-polska-i-budownictwo\/\"},\"author\":{\"name\":\"Dysten\",\"@id\":\"https:\/\/smartcitydisplays.com\/pl\/#\/schema\/person\/27e66f62ea04da0a89140457be29a510\"},\"headline\":\"Dysten na\u00a0konferencji Infrastruktura Polska i Budownictwo\",\"datePublished\":\"2022-03-07T09:15:39+00:00\",\"dateModified\":\"2022-03-07T10:00:28+00:00\",\"mainEntityOfPage\":{\"@id\":\"https:\/\/smartcitydisplays.com\/pl\/business-pl\/dysten-na-konferencji-infrastruktura-polska-i-budownictwo\/\"},\"wordCount\":87,\"commentCount\":0,\"image\":{\"@id\":\"https:\/\/smartcitydisplays.com\/pl\/business-pl\/dysten-na-konferencji-infrastruktura-polska-i-budownictwo\/#primaryimage\"},\"thumbnailUrl\":\"https:\/\/smartcitydisplays.com\/wp-content\/uploads\/2022\/03\/Grafika-Infrastruktura-Polska-i-Budownictwo-768x432-1.jpeg\",\"articleSection\":[\"Biznes\"],\"inLanguage\":\"pl-PL\",\"potentialAction\":[{\"@type\":\"CommentAction\",\"name\":\"Comment\",\"target\":[\"https:\/\/smartcitydisplays.com\/pl\/business-pl\/dysten-na-konferencji-infrastruktura-polska-i-budownictwo\/#respond\"]}]},{\"@type\":\"WebPage\",\"@id\":\"https:\/\/smartcitydisplays.com\/pl\/business-pl\/dysten-na-konferencji-infrastruktura-polska-i-budownictwo\/\",\"url\":\"https:\/\/smartcitydisplays.com\/pl\/business-pl\/dysten-na-konferencji-infrastruktura-polska-i-budownictwo\/\",\"name\":\"Dysten na\u00a0konferencji Infrastruktura Polska i Budownictwo - Smart City Displays\",\"isPartOf\":{\"@id\":\"https:\/\/smartcitydisplays.com\/pl\/#website\"},\"primaryImageOfPage\":{\"@id\":\"https:\/\/smartcitydisplays.com\/pl\/business-pl\/dysten-na-konferencji-infrastruktura-polska-i-budownictwo\/#primaryimage\"},\"image\":{\"@id\":\"https:\/\/smartcitydisplays.com\/pl\/business-pl\/dysten-na-konferencji-infrastruktura-polska-i-budownictwo\/#primaryimage\"},\"thumbnailUrl\":\"https:\/\/smartcitydisplays.com\/wp-content\/uploads\/2022\/03\/Grafika-Infrastruktura-Polska-i-Budownictwo-768x432-1.jpeg\",\"datePublished\":\"2022-03-07T09:15:39+00:00\",\"dateModified\":\"2022-03-07T10:00:28+00:00\",\"author\":{\"@id\":\"https:\/\/smartcitydisplays.com\/pl\/#\/schema\/person\/27e66f62ea04da0a89140457be29a510\"},\"description\":\"Odwied\u017a nas 9 marca podczas konferencji Infrastruktura i Budownictwo w Warszawie.\",\"breadcrumb\":{\"@id\":\"https:\/\/smartcitydisplays.com\/pl\/business-pl\/dysten-na-konferencji-infrastruktura-polska-i-budownictwo\/#breadcrumb\"},\"inLanguage\":\"pl-PL\",\"potentialAction\":[{\"@type\":\"ReadAction\",\"target\":[\"https:\/\/smartcitydisplays.com\/pl\/business-pl\/dysten-na-konferencji-infrastruktura-polska-i-budownictwo\/\"]}]},{\"@type\":\"ImageObject\",\"inLanguage\":\"pl-PL\",\"@id\":\"https:\/\/smartcitydisplays.com\/pl\/business-pl\/dysten-na-konferencji-infrastruktura-polska-i-budownictwo\/#primaryimage\",\"url\":\"https:\/\/smartcitydisplays.com\/wp-content\/uploads\/2022\/03\/Grafika-Infrastruktura-Polska-i-Budownictwo-768x432-1.jpeg\",\"contentUrl\":\"https:\/\/smartcitydisplays.com\/wp-content\/uploads\/2022\/03\/Grafika-Infrastruktura-Polska-i-Budownictwo-768x432-1.jpeg\",\"width\":768,\"height\":432},{\"@type\":\"BreadcrumbList\",\"@id\":\"https:\/\/smartcitydisplays.com\/pl\/business-pl\/dysten-na-konferencji-infrastruktura-polska-i-budownictwo\/#breadcrumb\",\"itemListElement\":[{\"@type\":\"ListItem\",\"position\":1,\"name\":\"Home\",\"item\":\"https:\/\/smartcitydisplays.com\/pl\/\"},{\"@type\":\"ListItem\",\"position\":2,\"name\":\"Dysten na\u00a0konferencji Infrastruktura Polska i Budownictwo\"}]},{\"@type\":\"WebSite\",\"@id\":\"https:\/\/smartcitydisplays.com\/pl\/#website\",\"url\":\"https:\/\/smartcitydisplays.com\/pl\/\",\"name\":\"Smart City Displays\",\"description\":\"dysten\",\"potentialAction\":[{\"@type\":\"SearchAction\",\"target\":{\"@type\":\"EntryPoint\",\"urlTemplate\":\"https:\/\/smartcitydisplays.com\/pl\/?s={search_term_string}\"},\"query-input\":{\"@type\":\"PropertyValueSpecification\",\"valueRequired\":true,\"valueName\":\"search_term_string\"}}],\"inLanguage\":\"pl-PL\"},{\"@type\":\"Person\",\"@id\":\"https:\/\/smartcitydisplays.com\/pl\/#\/schema\/person\/27e66f62ea04da0a89140457be29a510\",\"name\":\"Dysten\",\"image\":{\"@type\":\"ImageObject\",\"inLanguage\":\"pl-PL\",\"@id\":\"https:\/\/smartcitydisplays.com\/pl\/#\/schema\/person\/image\/\",\"url\":\"https:\/\/secure.gravatar.com\/avatar\/735960ae4f8b759738e75cf29cd95f1a25760a1f74cbdc99fef8c2cee0caf47e?s=96&d=mm&r=g\",\"contentUrl\":\"https:\/\/secure.gravatar.com\/avatar\/735960ae4f8b759738e75cf29cd95f1a25760a1f74cbdc99fef8c2cee0caf47e?s=96&d=mm&r=g\",\"caption\":\"Dysten\"},\"url\":\"https:\/\/smartcitydisplays.com\/pl\/author\/dysten\/\"}]}<\/script>\n<!-- \/ Yoast SEO plugin. -->","yoast_head_json":{"title":"Dysten na\u00a0konferencji Infrastruktura Polska i Budownictwo - Smart City Displays","description":"Odwied\u017a nas 9 marca podczas konferencji Infrastruktura i Budownictwo w Warszawie.","robots":{"index":"index","follow":"follow","max-snippet":"max-snippet:-1","max-image-preview":"max-image-preview:large","max-video-preview":"max-video-preview:-1"},"canonical":"https:\/\/smartcitydisplays.com\/pl\/business-pl\/dysten-na-konferencji-infrastruktura-polska-i-budownictwo\/","og_locale":"pl_PL","og_type":"article","og_title":"Dysten na\u00a0konferencji Infrastruktura Polska i Budownictwo - Smart City Displays","og_description":"Odwied\u017a nas 9 marca podczas konferencji Infrastruktura i Budownictwo w Warszawie.","og_url":"https:\/\/smartcitydisplays.com\/pl\/business-pl\/dysten-na-konferencji-infrastruktura-polska-i-budownictwo\/","og_site_name":"Smart City Displays","article_publisher":"https:\/\/www.facebook.com\/dystenpl\/","article_published_time":"2022-03-07T09:15:39+00:00","article_modified_time":"2022-03-07T10:00:28+00:00","og_image":[{"width":768,"height":432,"url":"https:\/\/smartcitydisplays.com\/wp-content\/uploads\/2022\/03\/Grafika-Infrastruktura-Polska-i-Budownictwo-768x432-1.jpeg","type":"image\/jpeg"}],"author":"Dysten","twitter_card":"summary_large_image","twitter_creator":"@Dysten3","twitter_site":"@Dysten3","twitter_misc":{"Napisane przez":"Dysten","Szacowany czas czytania":"1 minuta"},"schema":{"@context":"https:\/\/schema.org","@graph":[{"@type":"Article","@id":"https:\/\/smartcitydisplays.com\/pl\/business-pl\/dysten-na-konferencji-infrastruktura-polska-i-budownictwo\/#article","isPartOf":{"@id":"https:\/\/smartcitydisplays.com\/pl\/business-pl\/dysten-na-konferencji-infrastruktura-polska-i-budownictwo\/"},"author":{"name":"Dysten","@id":"https:\/\/smartcitydisplays.com\/pl\/#\/schema\/person\/27e66f62ea04da0a89140457be29a510"},"headline":"Dysten na\u00a0konferencji Infrastruktura Polska i Budownictwo","datePublished":"2022-03-07T09:15:39+00:00","dateModified":"2022-03-07T10:00:28+00:00","mainEntityOfPage":{"@id":"https:\/\/smartcitydisplays.com\/pl\/business-pl\/dysten-na-konferencji-infrastruktura-polska-i-budownictwo\/"},"wordCount":87,"commentCount":0,"image":{"@id":"https:\/\/smartcitydisplays.com\/pl\/business-pl\/dysten-na-konferencji-infrastruktura-polska-i-budownictwo\/#primaryimage"},"thumbnailUrl":"https:\/\/smartcitydisplays.com\/wp-content\/uploads\/2022\/03\/Grafika-Infrastruktura-Polska-i-Budownictwo-768x432-1.jpeg","articleSection":["Biznes"],"inLanguage":"pl-PL","potentialAction":[{"@type":"CommentAction","name":"Comment","target":["https:\/\/smartcitydisplays.com\/pl\/business-pl\/dysten-na-konferencji-infrastruktura-polska-i-budownictwo\/#respond"]}]},{"@type":"WebPage","@id":"https:\/\/smartcitydisplays.com\/pl\/business-pl\/dysten-na-konferencji-infrastruktura-polska-i-budownictwo\/","url":"https:\/\/smartcitydisplays.com\/pl\/business-pl\/dysten-na-konferencji-infrastruktura-polska-i-budownictwo\/","name":"Dysten na\u00a0konferencji Infrastruktura Polska i Budownictwo - Smart City Displays","isPartOf":{"@id":"https:\/\/smartcitydisplays.com\/pl\/#website"},"primaryImageOfPage":{"@id":"https:\/\/smartcitydisplays.com\/pl\/business-pl\/dysten-na-konferencji-infrastruktura-polska-i-budownictwo\/#primaryimage"},"image":{"@id":"https:\/\/smartcitydisplays.com\/pl\/business-pl\/dysten-na-konferencji-infrastruktura-polska-i-budownictwo\/#primaryimage"},"thumbnailUrl":"https:\/\/smartcitydisplays.com\/wp-content\/uploads\/2022\/03\/Grafika-Infrastruktura-Polska-i-Budownictwo-768x432-1.jpeg","datePublished":"2022-03-07T09:15:39+00:00","dateModified":"2022-03-07T10:00:28+00:00","author":{"@id":"https:\/\/smartcitydisplays.com\/pl\/#\/schema\/person\/27e66f62ea04da0a89140457be29a510"},"description":"Odwied\u017a nas 9 marca podczas konferencji Infrastruktura i Budownictwo w Warszawie.","breadcrumb":{"@id":"https:\/\/smartcitydisplays.com\/pl\/business-pl\/dysten-na-konferencji-infrastruktura-polska-i-budownictwo\/#breadcrumb"},"inLanguage":"pl-PL","potentialAction":[{"@type":"ReadAction","target":["https:\/\/smartcitydisplays.com\/pl\/business-pl\/dysten-na-konferencji-infrastruktura-polska-i-budownictwo\/"]}]},{"@type":"ImageObject","inLanguage":"pl-PL","@id":"https:\/\/smartcitydisplays.com\/pl\/business-pl\/dysten-na-konferencji-infrastruktura-polska-i-budownictwo\/#primaryimage","url":"https:\/\/smartcitydisplays.com\/wp-content\/uploads\/2022\/03\/Grafika-Infrastruktura-Polska-i-Budownictwo-768x432-1.jpeg","contentUrl":"https:\/\/smartcitydisplays.com\/wp-content\/uploads\/2022\/03\/Grafika-Infrastruktura-Polska-i-Budownictwo-768x432-1.jpeg","width":768,"height":432},{"@type":"BreadcrumbList","@id":"https:\/\/smartcitydisplays.com\/pl\/business-pl\/dysten-na-konferencji-infrastruktura-polska-i-budownictwo\/#breadcrumb","itemListElement":[{"@type":"ListItem","position":1,"name":"Home","item":"https:\/\/smartcitydisplays.com\/pl\/"},{"@type":"ListItem","position":2,"name":"Dysten na\u00a0konferencji Infrastruktura Polska i Budownictwo"}]},{"@type":"WebSite","@id":"https:\/\/smartcitydisplays.com\/pl\/#website","url":"https:\/\/smartcitydisplays.com\/pl\/","name":"Smart City Displays","description":"dysten","potentialAction":[{"@type":"SearchAction","target":{"@type":"EntryPoint","urlTemplate":"https:\/\/smartcitydisplays.com\/pl\/?s={search_term_string}"},"query-input":{"@type":"PropertyValueSpecification","valueRequired":true,"valueName":"search_term_string"}}],"inLanguage":"pl-PL"},{"@type":"Person","@id":"https:\/\/smartcitydisplays.com\/pl\/#\/schema\/person\/27e66f62ea04da0a89140457be29a510","name":"Dysten","image":{"@type":"ImageObject","inLanguage":"pl-PL","@id":"https:\/\/smartcitydisplays.com\/pl\/#\/schema\/person\/image\/","url":"https:\/\/secure.gravatar.com\/avatar\/735960ae4f8b759738e75cf29cd95f1a25760a1f74cbdc99fef8c2cee0caf47e?s=96&d=mm&r=g","contentUrl":"https:\/\/secure.gravatar.com\/avatar\/735960ae4f8b759738e75cf29cd95f1a25760a1f74cbdc99fef8c2cee0caf47e?s=96&d=mm&r=g","caption":"Dysten"},"url":"https:\/\/smartcitydisplays.com\/pl\/author\/dysten\/"}]}},"_links":{"self":[{"href":"https:\/\/smartcitydisplays.com\/pl\/wp-json\/wp\/v2\/posts\/13779","targetHints":{"allow":["GET"]}}],"collection":[{"href":"https:\/\/smartcitydisplays.com\/pl\/wp-json\/wp\/v2\/posts"}],"about":[{"href":"https:\/\/smartcitydisplays.com\/pl\/wp-json\/wp\/v2\/types\/post"}],"author":[{"embeddable":true,"href":"https:\/\/smartcitydisplays.com\/pl\/wp-json\/wp\/v2\/users\/5"}],"replies":[{"embeddable":true,"href":"https:\/\/smartcitydisplays.com\/pl\/wp-json\/wp\/v2\/comments?post=13779"}],"version-history":[{"count":2,"href":"https:\/\/smartcitydisplays.com\/pl\/wp-json\/wp\/v2\/posts\/13779\/revisions"}],"predecessor-version":[{"id":13783,"href":"https:\/\/smartcitydisplays.com\/pl\/wp-json\/wp\/v2\/posts\/13779\/revisions\/13783"}],"wp:featuredmedia":[{"embeddable":true,"href":"https:\/\/smartcitydisplays.com\/pl\/wp-json\/wp\/v2\/media\/13777"}],"wp:attachment":[{"href":"https:\/\/smartcitydisplays.com\/pl\/wp-json\/wp\/v2\/media?parent=13779"}],"wp:term":[{"taxonomy":"category","embeddable":true,"href":"https:\/\/smartcitydisplays.com\/pl\/wp-json\/wp\/v2\/categories?post=13779"},{"taxonomy":"post_tag","embeddable":true,"href":"https:\/\/smartcitydisplays.com\/pl\/wp-json\/wp\/v2\/tags?post=13779"}],"curies":[{"name":"wp","href":"https:\/\/api.w.org\/{rel}","templated":true}]}}